{"id":90,"date":"2007-07-10T14:19:14","date_gmt":"2007-07-10T14:19:14","guid":{"rendered":"http:\/\/heresyblog.com\/?p=90"},"modified":"2014-12-11T19:28:59","modified_gmt":"2014-12-11T19:28:59","slug":"loreal-d%c3%b8mt-for-racisme-for-at-ans%c3%a6tte-effektive-s%c3%a6lgere","status":"publish","type":"post","link":"https:\/\/heresyblog.dk\/?p=90","title":{"rendered":"L&#8217;Or\u00e9al\u2019 d\u00f8mt for racisme for at ans\u00e6tte effektive s\u00e6lgere"},"content":{"rendered":"<p>P\u00e5 <a href=\"http:\/\/www.modspil.dk\" >modspil.dk<\/a> har Carsten Agger skrevet lidt om L&#8217;Or\u00e9al\u2019s dom for racisme. <a href=\"http:\/\/www.theguardian.com\/world\/2007\/jul\/07\/france.angeliquechrisafis\">Sagen kort<\/a>: L&#8217;Or\u00e9al laver en rekrutteringskampagne for at hyre salgspersonale til at s\u00e6lge en af deres produktgrupper. Dem firmaet s\u00f8gte, skulle st\u00e5 i supermarkeder, og fremvise produkterne. Ans\u00f8gerne skulle v\u00e6re mellem 12 og 22 \u00e5r, size 38-42 og &#8220;BBR&#8221; (en slet skjult reference til hvide personer). L&#8217;Or\u00e9al kommer med en halvd\u00e5rlig udtalelse om at de g\u00e5r ind for diversitet, men bliver id\u00f8mt en b\u00f8de p\u00e5 \u20ac30,000 og en tidligere direkt\u00f8r i firmaet id\u00f8mmes 3 m\u00e5neders betinget f\u00e6ngsel. <\/p>\n<p>Carsten Agger f\u00e5r s\u00e5 k\u00e6det dommen sammen <a href=\"http:\/\/www.modspil.dk\/politik\/l_or_al_og_etnisk_reng_ring___lidet_overbevisende_udenomssnak.html\" >en historie<\/a> med om at grundl\u00e6ggeren af L&#8217;Or\u00e9al skulle have st\u00f8ttet Hitler i 1942, og <a href=\"http:\/\/www.modspil.dk\/politik\/etnisk__rensning___l_oreals_produkter_kun_for_hvide.html \" >postulerer<\/a>, at L&#8217;Or\u00e9al\u2019s produkter kun skulle v\u00e6re for hvide mennesker.<\/p>\n<p>Hvorvidt historien om firmaets grundl\u00e6gger er sand eller ej, s\u00e5 er det useri\u00f8st at p\u00e5st\u00e5 at det skulle have en sammenh\u00e6ng med at firmaet \u00f8nske om at fremvise deres produkter p\u00e5 en bestemt m\u00e5de med en bestemt profil. Hvis de mener en \u201dBBR\u201d profil er bedst til at s\u00e6lge deres produkt, s\u00e5 m\u00e5 det v\u00e6re deres sag. Hvis andre mener at afrikanere vil v\u00e6re bedst til at s\u00e6lge deres produkt, s\u00e5 burde det ogs\u00e5 v\u00e6re i orden. Men lige nu skulle det ogs\u00e5 give b\u00f8de og f\u00e6ngselsstraf.<\/p>\n<p>Hvis vi antager at L&#8217;Or\u00e9al har dygtige folk ansat, og det mener jeg godt man kan, n\u00e5r man ser p\u00e5 firmaets st\u00f8rrelse og \u00f8konomi. Hvis de er dygtige, s\u00e5 er det fordi de form\u00e5r at lave de rigtige produkter, og s\u00e6lge dem kampagner og brands, som kunderne tiltr\u00e6kkes af. Hvis kunderne tiltr\u00e6kkes af unge blonde kvinder med smalle hofter, s\u00e5 reagerer firmaet p\u00e5 det. N\u00e5r firmaet, s\u00e5 f\u00e5r b\u00f8der og cheferne smides i f\u00e6ngsel, s\u00e5 er det alts\u00e5 p\u00e5 baggrund af pr\u00e6ferencer hos kunderne.<\/p>\n<p>Diskrimination betyder egentligt at man har en pr\u00e6ference for en af flere forskellige muligheder. Om det s\u00e5 er hudfarve eller andet g\u00f8r principielt ingen forskel, og pr\u00e6ferencen er der uanset hvad loven siger. Der er \u00e5benbart ikke nogen, der bem\u00e6rker at L&#8217;Or\u00e9al diskriminerer p\u00e5 baggrund af b\u00e5de alder og kropsbygning, og dermed holder mange andre mennesker fra at kunne f\u00e5 et salgsjob hos dem.<\/p>\n<p>Det er naivt at tro at reklamer hvor der ikke optr\u00e6der m\u00f8rkl\u00f8dede kvinder, p\u00e5 en eller anden m\u00e5de skulle fremme racisme og fremmedhad i samfundet. Hvis der er en kundegruppe, der bliver overset af reklamer med blondiner, s\u00e5 er det helt oplagt at andre firmaer eller andre kampagner fors\u00f8ger at ramme dem med brunetter eller lignende. Medmindre brunetter ogs\u00e5 hellere k\u00f8ber produkter med blondinereklamer.<\/p>\n<p>Hvis der er noget, der skaber d\u00e5rlig stemning p\u00e5 baggrund af oprindelse og hudfarve, s\u00e5 er det s\u00e5dan nogle dommen kombineret med reaktionerne fra folk som Carsten Agger. De holder meget af at sl\u00e5 andre oven i hovedet, som har andre pr\u00e6ferencer end dem selv, og de kan slet ikke se at det er deres handlinger, som skaber foragt og misstemning mellem mennesker.<\/p>\n","protected":false},"excerpt":{"rendered":"<p>P\u00e5 modspil.dk har Carsten Agger skrevet lidt om L&#8217;Or\u00e9al\u2019s dom for racisme. Sagen kort: L&#8217;Or\u00e9al laver en rekrutteringskampagne for at hyre salgspersonale til at s\u00e6lge en af deres produktgrupper. Dem firmaet s\u00f8gte, skulle st\u00e5 i supermarkeder, og fremvise produkterne. Ans\u00f8gerne skulle v\u00e6re mellem 12 og 22 \u00e5r, size 38-42 og &#8220;BBR&#8221; (en slet skjult reference&#8230;<\/p>\n","protected":false},"author":3,"featured_media":0,"comment_status":"open","ping_status":"open","sticky":false,"template":"","format":"standard","meta":[],"categories":[19,3],"tags":[],"_links":{"self":[{"href":"https:\/\/heresyblog.dk\/index.php?rest_route=\/wp\/v2\/posts\/90"}],"collection":[{"href":"https:\/\/heresyblog.dk\/index.php?rest_route=\/wp\/v2\/posts"}],"about":[{"href":"https:\/\/heresyblog.dk\/index.php?rest_route=\/wp\/v2\/types\/post"}],"author":[{"embeddable":true,"href":"https:\/\/heresyblog.dk\/index.php?rest_route=\/wp\/v2\/users\/3"}],"replies":[{"embeddable":true,"href":"https:\/\/heresyblog.dk\/index.php?rest_route=%2Fwp%2Fv2%2Fcomments&post=90"}],"version-history":[{"count":1,"href":"https:\/\/heresyblog.dk\/index.php?rest_route=\/wp\/v2\/posts\/90\/revisions"}],"predecessor-version":[{"id":2436,"href":"https:\/\/heresyblog.dk\/index.php?rest_route=\/wp\/v2\/posts\/90\/revisions\/2436"}],"wp:attachment":[{"href":"https:\/\/heresyblog.dk\/index.php?rest_route=%2Fwp%2Fv2%2Fmedia&parent=90"}],"wp:term":[{"taxonomy":"category","embeddable":true,"href":"https:\/\/heresyblog.dk\/index.php?rest_route=%2Fwp%2Fv2%2Fcategories&post=90"},{"taxonomy":"post_tag","embeddable":true,"href":"https:\/\/heresyblog.dk\/index.php?rest_route=%2Fwp%2Fv2%2Ftags&post=90"}],"curies":[{"name":"wp","href":"https:\/\/api.w.org\/{rel}","templated":true}]}}